{"id":10022676,"date":"2025-12-18T13:31:03","date_gmt":"2025-12-18T12:31:03","guid":{"rendered":"https:\/\/chapter.digital\/design-as-a-space-for-thought\/"},"modified":"2025-12-22T11:34:53","modified_gmt":"2025-12-22T10:34:53","slug":"design-for-thought-hemlut-lang-mak-exhibition","status":"publish","type":"post","link":"https:\/\/chapter.digital\/en\/design-for-thought-hemlut-lang-mak-exhibition\/","title":{"rendered":"Design as a space for thought"},"content":{"rendered":"<p class=\"chapter_anleser\">With \u00bb<a href=\"https:\/\/www.mak.at\/exhibition\/helmutlang\" target=\"_blank\" rel=\"noopener\">Helmut Lang. S\u00e9ance de Travail 1986\u20132005 \/ Excerpts from the MAK Helmut Lang Archive<\/a>\u00ab the MAK \u2013 Museum f\u00fcr angewandte Kunst Vienna presents one of the most comprehensive examinations of the work of Austrian designer Helmut Lang. On view from 10 December 2025 to 3 May 2026, the exhibition goes far beyond a conventional fashion show: it focuses on Lang\u2019s conceptual strategies, his interdisciplinary working method, and his role as a visionary between fashion, design, and art.<\/p>\n<p class=\"chapter_text\">Curator Marlies Wirth (MAK \u2013 Design Collection), together with Lilli Hollein (General Director of the MAK), has developed an exhibition concept that breaks open the category of \u00bbfashion\u00ab and instead understands Lang\u2019s work as a processual design of identity, strategy, and visual language. The title \u00bbS\u00e9ance de Travail\u00ab\u2014\u00bbworking session\u00ab\u2014is not only a historical reference to Lang\u2019s own show formats of the 1990s, but also a programmatic statement: a laboratory in which production, advertising, brand development, spatial design, and audience experience are conceived as interconnected fields of design.<\/p>\n<figure id=\"attachment_10022662\" aria-describedby=\"caption-attachment-10022662\" style=\"width: 1464px\" class=\"wp-caption aligncenter\"><img decoding=\"async\" class=\" wp-image-10022662\" src=\"https:\/\/chapter.digital\/wp-content\/uploads\/2025\/12\/16-mak-ausstellungsansicht-2025-500x334.jpg\" alt=\"Installation view Helmut Lang. S\u00e9ance de Travail 1986\u20132005 at MAK Vienna\" width=\"1464\" height=\"978\" srcset=\"https:\/\/chapter.digital\/wp-content\/uploads\/2025\/12\/16-mak-ausstellungsansicht-2025-500x334.jpg 500w, https:\/\/chapter.digital\/wp-content\/uploads\/2025\/12\/16-mak-ausstellungsansicht-2025-100x67.jpg 100w, https:\/\/chapter.digital\/wp-content\/uploads\/2025\/12\/16-mak-ausstellungsansicht-2025-770x514.jpg 770w, https:\/\/chapter.digital\/wp-content\/uploads\/2025\/12\/16-mak-ausstellungsansicht-2025-1024x683.jpg 1024w, https:\/\/chapter.digital\/wp-content\/uploads\/2025\/12\/16-mak-ausstellungsansicht-2025-1536x1025.jpg 1536w, https:\/\/chapter.digital\/wp-content\/uploads\/2025\/12\/16-mak-ausstellungsansicht-2025-464x309.jpg 464w, https:\/\/chapter.digital\/wp-content\/uploads\/2025\/12\/16-mak-ausstellungsansicht-2025-941x628.jpg 941w, https:\/\/chapter.digital\/wp-content\/uploads\/2025\/12\/16-mak-ausstellungsansicht-2025-1571x1048.jpg 1571w\" sizes=\"(max-width: 1464px) 100vw, 1464px\" \/><figcaption id=\"caption-attachment-10022662\" class=\"wp-caption-text\">MAK exhibition view: \u00a9 kunst-dokumentation.com\/MAK<\/figcaption><\/figure>\n<p class=\"chapter_text\">A central element of the exhibition is the <a href=\"https:\/\/www.google.com\/search?client=safari&amp;rls=en&amp;q=MAK+Helmut+Lang+Archiv&amp;ie=UTF-8&amp;oe=UTF-8\" target=\"_blank\" rel=\"noopener\"><i>MAK<\/i> <i>Helmut Lang Archive<\/i><\/a>, which Lang donated to the museum in 2011 and which is today regarded as the largest and only public archive of its kind worldwide. It comprises more than 10,000 records, including not only selected garments but also prototypes, lookbooks, advertising campaigns, photographs, Polaroids, production samples, backstage materials, and internal documents. This breadth makes visible how Lang understood fashion not as an isolated product, but as an interdisciplinary design process in which cut, material, communication, space, and brand were always part of a coherent system.<\/p>\n<figure id=\"attachment_10022658\" aria-describedby=\"caption-attachment-10022658\" style=\"width: 1287px\" class=\"wp-caption aligncenter\"><img decoding=\"async\" class=\" wp-image-10022658\" src=\"https:\/\/chapter.digital\/wp-content\/uploads\/2025\/12\/2-mak-ausstellungsansicht-2025-500x334.jpg\" alt=\"Installation view Helmut Lang. S\u00e9ance de Travail 1986\u20132005 at MAK Vienna\" width=\"1287\" height=\"860\" srcset=\"https:\/\/chapter.digital\/wp-content\/uploads\/2025\/12\/2-mak-ausstellungsansicht-2025-500x334.jpg 500w, https:\/\/chapter.digital\/wp-content\/uploads\/2025\/12\/2-mak-ausstellungsansicht-2025-100x67.jpg 100w, https:\/\/chapter.digital\/wp-content\/uploads\/2025\/12\/2-mak-ausstellungsansicht-2025-770x514.jpg 770w, https:\/\/chapter.digital\/wp-content\/uploads\/2025\/12\/2-mak-ausstellungsansicht-2025-1024x683.jpg 1024w, https:\/\/chapter.digital\/wp-content\/uploads\/2025\/12\/2-mak-ausstellungsansicht-2025-1536x1025.jpg 1536w, https:\/\/chapter.digital\/wp-content\/uploads\/2025\/12\/2-mak-ausstellungsansicht-2025-464x309.jpg 464w, https:\/\/chapter.digital\/wp-content\/uploads\/2025\/12\/2-mak-ausstellungsansicht-2025-941x628.jpg 941w, https:\/\/chapter.digital\/wp-content\/uploads\/2025\/12\/2-mak-ausstellungsansicht-2025-1571x1048.jpg 1571w\" sizes=\"(max-width: 1287px) 100vw, 1287px\" \/><figcaption id=\"caption-attachment-10022658\" class=\"wp-caption-text\">MAK exhibition view: \u00a9 kunst-dokumentation.com\/MAK<\/figcaption><\/figure>\n<figure id=\"attachment_10022664\" aria-describedby=\"caption-attachment-10022664\" style=\"width: 1234px\" class=\"wp-caption aligncenter\"><img decoding=\"async\" class=\" wp-image-10022664\" src=\"https:\/\/chapter.digital\/wp-content\/uploads\/2025\/12\/18-mak-ausstellungsansicht-2025-500x334.jpg\" alt=\"Installation view Helmut Lang. S\u00e9ance de Travail 1986\u20132005 at MAK Vienna\" width=\"1234\" height=\"824\" srcset=\"https:\/\/chapter.digital\/wp-content\/uploads\/2025\/12\/18-mak-ausstellungsansicht-2025-500x334.jpg 500w, https:\/\/chapter.digital\/wp-content\/uploads\/2025\/12\/18-mak-ausstellungsansicht-2025-100x67.jpg 100w, https:\/\/chapter.digital\/wp-content\/uploads\/2025\/12\/18-mak-ausstellungsansicht-2025-770x514.jpg 770w, https:\/\/chapter.digital\/wp-content\/uploads\/2025\/12\/18-mak-ausstellungsansicht-2025-1024x683.jpg 1024w, https:\/\/chapter.digital\/wp-content\/uploads\/2025\/12\/18-mak-ausstellungsansicht-2025-1536x1025.jpg 1536w, https:\/\/chapter.digital\/wp-content\/uploads\/2025\/12\/18-mak-ausstellungsansicht-2025.jpg 2000w, https:\/\/chapter.digital\/wp-content\/uploads\/2025\/12\/18-mak-ausstellungsansicht-2025-1155x770.jpg 1155w, https:\/\/chapter.digital\/wp-content\/uploads\/2025\/12\/18-mak-ausstellungsansicht-2025-941x628.jpg 941w, https:\/\/chapter.digital\/wp-content\/uploads\/2025\/12\/18-mak-ausstellungsansicht-2025-1326x884.jpg 1326w, https:\/\/chapter.digital\/wp-content\/uploads\/2025\/12\/18-mak-ausstellungsansicht-2025-464x309.jpg 464w, https:\/\/chapter.digital\/wp-content\/uploads\/2025\/12\/18-mak-ausstellungsansicht-2025-1571x1048.jpg 1571w, https:\/\/chapter.digital\/wp-content\/uploads\/2025\/12\/18-mak-ausstellungsansicht-2025-1320x880.jpg 1320w, https:\/\/chapter.digital\/wp-content\/uploads\/2025\/12\/18-mak-ausstellungsansicht-2025-1149x766.jpg 1149w\" sizes=\"(max-width: 1234px) 100vw, 1234px\" \/><figcaption id=\"caption-attachment-10022664\" class=\"wp-caption-text\">MAK exhibition view: \u00a9 kunst-dokumentation.com\/MAK<\/figcaption><\/figure>\n<p class=\"chapter_text\" data-start=\"1839\" data-end=\"2465\">In keeping with this approach, the exhibition deliberately forgoes a chronologically ordered retrospective. Instead, the material is organized according to thematic fields that render Lang\u2019s working method legible as a constructive, analytical, and experimental practice. Particular emphasis is placed on mixed-media installations and site-specific presentations: sculptural displays, reconstructions of shop architectures, and visualization surfaces create a spatial experience that makes Helmut Lang\u2019s overarching conception of design\u2014ranging from fashion collections and retail architecture to brand communication\u2014tangible.<\/p>\n<figure id=\"attachment_10022656\" aria-describedby=\"caption-attachment-10022656\" style=\"width: 1430px\" class=\"wp-caption aligncenter\"><img decoding=\"async\" class=\" wp-image-10022656\" src=\"https:\/\/chapter.digital\/wp-content\/uploads\/2025\/12\/1-mak-ausstellungsansicht-2025-500x334.jpg\" alt=\"Installation view Helmut Lang. S\u00e9ance de Travail 1986\u20132005 at MAK Vienna\" width=\"1430\" height=\"955\" srcset=\"https:\/\/chapter.digital\/wp-content\/uploads\/2025\/12\/1-mak-ausstellungsansicht-2025-500x334.jpg 500w, https:\/\/chapter.digital\/wp-content\/uploads\/2025\/12\/1-mak-ausstellungsansicht-2025-100x67.jpg 100w, https:\/\/chapter.digital\/wp-content\/uploads\/2025\/12\/1-mak-ausstellungsansicht-2025-770x514.jpg 770w, https:\/\/chapter.digital\/wp-content\/uploads\/2025\/12\/1-mak-ausstellungsansicht-2025-1024x683.jpg 1024w, https:\/\/chapter.digital\/wp-content\/uploads\/2025\/12\/1-mak-ausstellungsansicht-2025-1536x1025.jpg 1536w, https:\/\/chapter.digital\/wp-content\/uploads\/2025\/12\/1-mak-ausstellungsansicht-2025.jpg 2000w, https:\/\/chapter.digital\/wp-content\/uploads\/2025\/12\/1-mak-ausstellungsansicht-2025-1155x770.jpg 1155w, https:\/\/chapter.digital\/wp-content\/uploads\/2025\/12\/1-mak-ausstellungsansicht-2025-941x628.jpg 941w, https:\/\/chapter.digital\/wp-content\/uploads\/2025\/12\/1-mak-ausstellungsansicht-2025-464x309.jpg 464w, https:\/\/chapter.digital\/wp-content\/uploads\/2025\/12\/1-mak-ausstellungsansicht-2025-1571x1048.jpg 1571w, https:\/\/chapter.digital\/wp-content\/uploads\/2025\/12\/1-mak-ausstellungsansicht-2025-1149x766.jpg 1149w\" sizes=\"(max-width: 1430px) 100vw, 1430px\" \/><figcaption id=\"caption-attachment-10022656\" class=\"wp-caption-text\">MAK exhibition view: \u00a9 kunst-dokumentation.com\/MAK<\/figcaption><\/figure>\n<p class=\"chapter_text\"><a href=\"https:\/\/www.h-lang.studio\" target=\"_blank\" rel=\"noopener\">Helmut Lang<\/a> (*1956 in Vienna), who worked internationally from 1986 and became one of the most important representatives of minimalist, analytical design in the late 1990s, withdrew from the fashion industry in 2005 to devote himself entirely to the visual arts. This shift is also considered within the exhibition: Lang\u2019s current artistic practice, which draws on the thinking of his earlier work, presents him as a designer who understands and continues to shape form, material, and identity across disciplinary boundaries.<\/p>\n<figure id=\"attachment_10022670\" aria-describedby=\"caption-attachment-10022670\" style=\"width: 1368px\" class=\"wp-caption aligncenter\"><img decoding=\"async\" class=\" wp-image-10022670\" src=\"https:\/\/chapter.digital\/wp-content\/uploads\/2025\/12\/taxi-top-helmut-lang-new-york-city-taxi-top-advertising-19982004-500x333.jpg\" alt=\"Cab sign in New York City from the exhibition Helmut Lang. S\u00e9ance de Travail 1986\u20132005 at MAK Vienna\" width=\"1368\" height=\"911\" srcset=\"https:\/\/chapter.digital\/wp-content\/uploads\/2025\/12\/taxi-top-helmut-lang-new-york-city-taxi-top-advertising-19982004-500x333.jpg 500w, https:\/\/chapter.digital\/wp-content\/uploads\/2025\/12\/taxi-top-helmut-lang-new-york-city-taxi-top-advertising-19982004-100x67.jpg 100w, https:\/\/chapter.digital\/wp-content\/uploads\/2025\/12\/taxi-top-helmut-lang-new-york-city-taxi-top-advertising-19982004-770x513.jpg 770w, https:\/\/chapter.digital\/wp-content\/uploads\/2025\/12\/taxi-top-helmut-lang-new-york-city-taxi-top-advertising-19982004-1024x682.jpg 1024w, https:\/\/chapter.digital\/wp-content\/uploads\/2025\/12\/taxi-top-helmut-lang-new-york-city-taxi-top-advertising-19982004-1536x1024.jpg 1536w, https:\/\/chapter.digital\/wp-content\/uploads\/2025\/12\/taxi-top-helmut-lang-new-york-city-taxi-top-advertising-19982004.jpg 2000w, https:\/\/chapter.digital\/wp-content\/uploads\/2025\/12\/taxi-top-helmut-lang-new-york-city-taxi-top-advertising-19982004-1155x770.jpg 1155w, https:\/\/chapter.digital\/wp-content\/uploads\/2025\/12\/taxi-top-helmut-lang-new-york-city-taxi-top-advertising-19982004-941x627.jpg 941w, https:\/\/chapter.digital\/wp-content\/uploads\/2025\/12\/taxi-top-helmut-lang-new-york-city-taxi-top-advertising-19982004-1326x884.jpg 1326w, https:\/\/chapter.digital\/wp-content\/uploads\/2025\/12\/taxi-top-helmut-lang-new-york-city-taxi-top-advertising-19982004-464x309.jpg 464w, https:\/\/chapter.digital\/wp-content\/uploads\/2025\/12\/taxi-top-helmut-lang-new-york-city-taxi-top-advertising-19982004-1571x1047.jpg 1571w, https:\/\/chapter.digital\/wp-content\/uploads\/2025\/12\/taxi-top-helmut-lang-new-york-city-taxi-top-advertising-19982004-1320x880.jpg 1320w, https:\/\/chapter.digital\/wp-content\/uploads\/2025\/12\/taxi-top-helmut-lang-new-york-city-taxi-top-advertising-19982004-1149x766.jpg 1149w\" sizes=\"(max-width: 1368px) 100vw, 1368px\" \/><figcaption id=\"caption-attachment-10022670\" class=\"wp-caption-text\">Helmut Lang, New York City Taxi Top, advertising, 1998\u20132004. MAK Helmut Lang Archive, LNI 649. Photo: MAK\/Christian Mendez.<\/figcaption><\/figure>\n<p class=\"chapter_text\">His collections are based on reduction, functional clarity, and a conscious engagement with material and the body, with clothing always understood as part of a broader design context. All of this also informs the presentation at the MAK, where <a href=\"https:\/\/chapter.digital\/design-coverstory-jil-sander-interview-portrait\/\" target=\"_blank\" rel=\"noopener\">fashion appears as an applied design practice between design, communication, and cultural analysis<\/a>, underscoring the enduring relevance of Lang\u2019s work.<\/p>\n<figure id=\"attachment_10022666\" aria-describedby=\"caption-attachment-10022666\" style=\"width: 1141px\" class=\"wp-caption aligncenter\"><img decoding=\"async\" class=\" wp-image-10022666\" src=\"https:\/\/chapter.digital\/wp-content\/uploads\/2025\/12\/campaign-and-advertisments-test-print-helmut-lang-barneys-new-york-wall-advertisement-398x500.jpg\" alt=\"Advertorial in New York City from the exhibition Helmut Lang. S\u00e9ance de Travail 1986\u20132005 at MAK Vienna\" width=\"1141\" height=\"1433\" srcset=\"https:\/\/chapter.digital\/wp-content\/uploads\/2025\/12\/campaign-and-advertisments-test-print-helmut-lang-barneys-new-york-wall-advertisement-398x500.jpg 398w, https:\/\/chapter.digital\/wp-content\/uploads\/2025\/12\/campaign-and-advertisments-test-print-helmut-lang-barneys-new-york-wall-advertisement-80x100.jpg 80w, https:\/\/chapter.digital\/wp-content\/uploads\/2025\/12\/campaign-and-advertisments-test-print-helmut-lang-barneys-new-york-wall-advertisement-770x966.jpg 770w, https:\/\/chapter.digital\/wp-content\/uploads\/2025\/12\/campaign-and-advertisments-test-print-helmut-lang-barneys-new-york-wall-advertisement-816x1024.jpg 816w, https:\/\/chapter.digital\/wp-content\/uploads\/2025\/12\/campaign-and-advertisments-test-print-helmut-lang-barneys-new-york-wall-advertisement-1224x1536.jpg 1224w, https:\/\/chapter.digital\/wp-content\/uploads\/2025\/12\/campaign-and-advertisments-test-print-helmut-lang-barneys-new-york-wall-advertisement-1632x2048.jpg 1632w, https:\/\/chapter.digital\/wp-content\/uploads\/2025\/12\/campaign-and-advertisments-test-print-helmut-lang-barneys-new-york-wall-advertisement-464x582.jpg 464w, https:\/\/chapter.digital\/wp-content\/uploads\/2025\/12\/campaign-and-advertisments-test-print-helmut-lang-barneys-new-york-wall-advertisement-941x1181.jpg 941w, https:\/\/chapter.digital\/wp-content\/uploads\/2025\/12\/campaign-and-advertisments-test-print-helmut-lang-barneys-new-york-wall-advertisement-1571x1972.jpg 1571w, https:\/\/chapter.digital\/wp-content\/uploads\/2025\/12\/campaign-and-advertisments-test-print-helmut-lang-barneys-new-york-wall-advertisement-1320x1657.jpg 1320w, https:\/\/chapter.digital\/wp-content\/uploads\/2025\/12\/campaign-and-advertisments-test-print-helmut-lang-barneys-new-york-wall-advertisement-1149x1442.jpg 1149w, https:\/\/chapter.digital\/wp-content\/uploads\/2025\/12\/campaign-and-advertisments-test-print-helmut-lang-barneys-new-york-wall-advertisement.jpg 2000w\" sizes=\"(max-width: 1141px) 100vw, 1141px\" \/><figcaption id=\"caption-attachment-10022666\" class=\"wp-caption-text\">Helmut Lang, proof print of the Helmut Lang Barneys New York facade advertising, Helmut Lang Collection Hommes Femmes S\u00e9ance de Travail # \u00c9t\u00e9 97, photography by Elfie Semotan (1997). MAK Helmut Lang Archive. Courtesy of hl-art.<\/figcaption><\/figure>\n<figure id=\"attachment_10022668\" aria-describedby=\"caption-attachment-10022668\" style=\"width: 1378px\" class=\"wp-caption aligncenter\"><img decoding=\"async\" class=\" wp-image-10022668\" src=\"https:\/\/chapter.digital\/wp-content\/uploads\/2025\/12\/campaigns-and-advertisments-helmut-lang-test-print-advertisement-national-geographic-collection-hommes-femmes-seance-de-travail-hiver-02-03-353x500.jpg\" alt=\"Clothing tag from the exhibition Helmut Lang. S\u00e9ance de Travail 1986\u20132005 at MAK Vienna\" width=\"1378\" height=\"1951\" srcset=\"https:\/\/chapter.digital\/wp-content\/uploads\/2025\/12\/campaigns-and-advertisments-helmut-lang-test-print-advertisement-national-geographic-collection-hommes-femmes-seance-de-travail-hiver-02-03-353x500.jpg 353w, https:\/\/chapter.digital\/wp-content\/uploads\/2025\/12\/campaigns-and-advertisments-helmut-lang-test-print-advertisement-national-geographic-collection-hommes-femmes-seance-de-travail-hiver-02-03-71x100.jpg 71w, https:\/\/chapter.digital\/wp-content\/uploads\/2025\/12\/campaigns-and-advertisments-helmut-lang-test-print-advertisement-national-geographic-collection-hommes-femmes-seance-de-travail-hiver-02-03-464x658.jpg 464w\" sizes=\"(max-width: 1378px) 100vw, 1378px\" \/><figcaption id=\"caption-attachment-10022668\" class=\"wp-caption-text\">Helmut Lang, proof print of an advertisement for the magazine National Geographic, Helmut Lang Collection Hommes Femmes S\u00e9ance de Travail # Hiver 02\/03 (2002). MAK Helmut Lang Archive, LNI 1778-4-22. Courtesy of hl-art.<\/figcaption><\/figure>\n<p class=\"chapter_text\">\u00bbHelmut Lang. S\u00e9ance de Travail 1986\u20132005 \/ Excerpts from the MAK Helmut Lang Archive\u00ab makes visible how a designer continuously redefines his own categories of design and how his working method continues to resonate in fashion, communication, and art to this day: fashion is not reduced to form and surface, but understood as a cultural asset. <i>[Ed.]<\/i><\/p>\n","protected":false},"excerpt":{"rendered":"<p>With \u00bbHelmut Lang. S\u00e9ance de Travail 1986\u20132005 \/ Excerpts from the MAK Helmut Lang Archive\u00ab the MAK \u2013 Museum f\u00fcr angewandte Kunst Vienna presents one of the most comprehensive examinations of the work of Austrian designer Helmut Lang. On view from 10 December 2025 to 3 May 2026, the exhibition goes far beyond a conventional fashion show: it focuses on Lang\u2019s conceptual strategies, his interdisciplinary working method, and his role as a visionary between fashion, design, and art. Curator Marlies [&hellip;]<\/p>\n","protected":false},"author":5,"featured_media":10022661,"comment_status":"closed","ping_status":"closed","sticky":false,"template":"","format":"standard","meta":{"_acf_changed":false,"footnotes":""},"categories":[409,534,336,351,348],"tags":[393,375],"class_list":["post-10022676","post","type-post","status-publish","format-standard","has-post-thumbnail","hentry","category-design","category-art","category-articles","category-culture","category-latest","tag-design-en","tag-designer-en"],"acf":[],"_links":{"self":[{"href":"https:\/\/chapter.digital\/en\/wp-json\/wp\/v2\/posts\/10022676","targetHints":{"allow":["GET"]}}],"collection":[{"href":"https:\/\/chapter.digital\/en\/wp-json\/wp\/v2\/posts"}],"about":[{"href":"https:\/\/chapter.digital\/en\/wp-json\/wp\/v2\/types\/post"}],"author":[{"embeddable":true,"href":"https:\/\/chapter.digital\/en\/wp-json\/wp\/v2\/users\/5"}],"replies":[{"embeddable":true,"href":"https:\/\/chapter.digital\/en\/wp-json\/wp\/v2\/comments?post=10022676"}],"version-history":[{"count":3,"href":"https:\/\/chapter.digital\/en\/wp-json\/wp\/v2\/posts\/10022676\/revisions"}],"predecessor-version":[{"id":10022679,"href":"https:\/\/chapter.digital\/en\/wp-json\/wp\/v2\/posts\/10022676\/revisions\/10022679"}],"wp:featuredmedia":[{"embeddable":true,"href":"https:\/\/chapter.digital\/en\/wp-json\/wp\/v2\/media\/10022661"}],"wp:attachment":[{"href":"https:\/\/chapter.digital\/en\/wp-json\/wp\/v2\/media?parent=10022676"}],"wp:term":[{"taxonomy":"category","embeddable":true,"href":"https:\/\/chapter.digital\/en\/wp-json\/wp\/v2\/categories?post=10022676"},{"taxonomy":"post_tag","embeddable":true,"href":"https:\/\/chapter.digital\/en\/wp-json\/wp\/v2\/tags?post=10022676"}],"curies":[{"name":"wp","href":"https:\/\/api.w.org\/{rel}","templated":true}]}}